{"id":13060,"date":"2021-05-30T01:00:00","date_gmt":"2021-05-29T23:00:00","guid":{"rendered":"https:\/\/www.olgcordoba.ch\/?p=13060"},"modified":"2021-05-30T15:56:20","modified_gmt":"2021-05-30T13:56:20","slug":"trainingstag-vom-samstag-12-juni-2021","status":"publish","type":"post","link":"https:\/\/www.olgcordoba.ch\/index.php\/2021\/05\/30\/trainingstag-vom-samstag-12-juni-2021\/","title":{"rendered":"Trainingstag vom Samstag, 12. Juni 2021"},"content":{"rendered":"\n<p>Am Samstag, 12. Juni 2021, f\u00fchrt die OLG Cordoba einen Trainingstag im Iberg und im Geissenschachen durch. \u00dcber Mittag besteht die M\u00f6glichkeit zum Br\u00e4teln.<\/p>\n\n\n\n<!--more-->\n\n\n\n<p class=\"has-medium-font-size\"><strong>Das Wichtigste in K\u00fcrze:<\/strong><\/p>\n\n\n\n<figure class=\"wp-block-table\"><table><tbody><tr><td><strong>Datum:<\/strong>&nbsp;<\/td><td>Samstag, 12. Juni 2021<\/td><\/tr><tr><td><strong>Beginn:<\/strong>&nbsp;&nbsp;<\/td><td>Morgen:&nbsp;&nbsp;&nbsp;&nbsp;&nbsp;&nbsp;&nbsp;&nbsp;10:00<\/td><\/tr><tr><td><\/td><td>Nachmittag:&nbsp; 13:30<\/td><\/tr><tr><td><strong>Karte:<\/strong><\/td><td>Morgen:&nbsp;&nbsp;&nbsp;&nbsp;&nbsp; &nbsp;&nbsp;&nbsp;Iberg, 1:10&#8217;000<\/td><\/tr><tr><td><\/td><td>Nachmittag:&nbsp;&nbsp; Geissenschachen, 1:4&#8217;000<\/td><\/tr><tr><td><strong>Besammlung<\/strong>:<\/td><td>Morgen:&nbsp;&nbsp;&nbsp;&nbsp;&nbsp;&nbsp;&nbsp;&nbsp;&nbsp;<a rel=\"noreferrer noopener\" href=\"https:\/\/map.search.ch\/d\/e5ozahkzo\" target=\"_blank\">Waldh\u00fctte Riniken<\/a>, Parkpl\u00e4tze vor Ort vorhanden<\/td><\/tr><tr><td><\/td><td>Nachmittag:&nbsp;&nbsp;&nbsp;<a rel=\"noreferrer noopener\" href=\"https:\/\/map.search.ch\/d\/ctnot2w5o\" target=\"_blank\">Offene Halle<\/a> im Geissenschachen (rotes Quadrat), <a rel=\"noreferrer noopener\" href=\"https:\/\/map.search.ch\/d\/ctnot2w5o\" target=\"_blank\">offizielle Parkpl\u00e4tze<\/a> (rote Kreise) auf Geissenschachen Areal benutzen.<\/td><\/tr><tr><td><strong>Programm:<\/strong>&nbsp;<\/td><td>Morgen:&nbsp;&nbsp;&nbsp;&nbsp;&nbsp;&nbsp;&nbsp;&nbsp;&nbsp;Workshop mit 3 Themen<\/td><\/tr><tr><td><\/td><td>Nachmittag:&nbsp;&nbsp; KO-Sprint<\/td><\/tr><tr><td><strong>\u00d6V:<\/strong><\/td><td>Wer mit dem \u00d6V anreist und gerne einen Transport von der Busshaltestelle zur Besammlung h\u00e4tte, meldet sich per eMail bei mir: <a href=\"mailto:suter.taegerig@bluewin.ch\">suter.taegerig@bluewin.ch<\/a>.<\/td><\/tr><tr><td><strong>Anmeldung:<\/strong><\/td><td>Eine Anmeldung per <a rel=\"noreferrer noopener\" href=\"https:\/\/doodle.com\/poll\/wti8cvvxime67498?utm_source=poll&amp;utm_medium=link\" target=\"_blank\">Doodle<\/a> bis am <strong>Mittwochabend, 10. Juni<\/strong>, ist zwingend erforderlich.<\/td><\/tr><tr><td><strong>Anzahl Teilnehmer*innen:<\/strong><\/td><td>Die Anzahl der Teilnehmer*innen ist aufgrund der neusten Covid-19 Richtlinien auf 50 beschr\u00e4nkt. Also schnell anmelden!<\/td><\/tr><\/tbody><\/table><\/figure>\n\n\n\n<p>Die detaillierte Einladung und die relevanten Information findest du <a rel=\"noreferrer noopener\" href=\"https:\/\/www.olgcordoba.ch\/wp-content\/uploads\/2021\/05\/2021_Informationen-Trainingstag.pdf\" data-type=\"URL\" data-id=\"https:\/\/www.olgcordoba.ch\/wp-content\/uploads\/2021\/05\/2021_Informationen-Trainingstag.pdf\" target=\"_blank\">hier<\/a>.<br><\/p>\n","protected":false},"excerpt":{"rendered":"<p>Am Samstag, 12. Juni 2021, f\u00fchrt die OLG Cordoba einen Trainingstag im Iberg und im Geissenschachen durch. \u00dcber Mittag besteht die M\u00f6glichkeit zum Br\u00e4teln.<\/p>\n","protected":false},"author":18,"featured_media":6876,"comment_status":"closed","ping_status":"closed","sticky":false,"template":"","format":"standard","meta":[],"categories":[8,55],"tags":[],"_links":{"self":[{"href":"https:\/\/www.olgcordoba.ch\/index.php\/wp-json\/wp\/v2\/posts\/13060"}],"collection":[{"href":"https:\/\/www.olgcordoba.ch\/index.php\/wp-json\/wp\/v2\/posts"}],"about":[{"href":"https:\/\/www.olgcordoba.ch\/index.php\/wp-json\/wp\/v2\/types\/post"}],"author":[{"embeddable":true,"href":"https:\/\/www.olgcordoba.ch\/index.php\/wp-json\/wp\/v2\/users\/18"}],"replies":[{"embeddable":true,"href":"https:\/\/www.olgcordoba.ch\/index.php\/wp-json\/wp\/v2\/comments?post=13060"}],"version-history":[{"count":9,"href":"https:\/\/www.olgcordoba.ch\/index.php\/wp-json\/wp\/v2\/posts\/13060\/revisions"}],"predecessor-version":[{"id":13070,"href":"https:\/\/www.olgcordoba.ch\/index.php\/wp-json\/wp\/v2\/posts\/13060\/revisions\/13070"}],"wp:featuredmedia":[{"embeddable":true,"href":"https:\/\/www.olgcordoba.ch\/index.php\/wp-json\/wp\/v2\/media\/6876"}],"wp:attachment":[{"href":"https:\/\/www.olgcordoba.ch\/index.php\/wp-json\/wp\/v2\/media?parent=13060"}],"wp:term":[{"taxonomy":"category","embeddable":true,"href":"https:\/\/www.olgcordoba.ch\/index.php\/wp-json\/wp\/v2\/categories?post=13060"},{"taxonomy":"post_tag","embeddable":true,"href":"https:\/\/www.olgcordoba.ch\/index.php\/wp-json\/wp\/v2\/tags?post=13060"}],"curies":[{"name":"wp","href":"https:\/\/api.w.org\/{rel}","templated":true}]}}