{"id":13610,"date":"2021-08-13T12:00:00","date_gmt":"2021-08-13T10:00:00","guid":{"rendered":"https:\/\/www.olgcordoba.ch\/?p=13610"},"modified":"2021-08-16T09:07:03","modified_gmt":"2021-08-16T07:07:03","slug":"timo-an-den-weltcuplaeufen-in-idre-fjaell-se","status":"publish","type":"post","link":"https:\/\/www.olgcordoba.ch\/index.php\/2021\/08\/13\/timo-an-den-weltcuplaeufen-in-idre-fjaell-se\/","title":{"rendered":"Timo an den Weltcupl\u00e4ufen in Idre Fj\u00e4ll (SE)"},"content":{"rendered":"\n<p>Timo Suter hat 2 Eins\u00e4tze an den Weltcupl\u00e4ufen in Idre Fj\u00e4ll (Schweden): In der Mitteldistanz und in der Staffel. Hopp Timo !! &#x1f44f; &#x1f44f; &#x1f44f;<\/p>\n\n\n\n<!--more-->\n\n\n\n<div class=\"wp-block-image is-style-default\"><figure class=\"alignright size-medium\"><a href=\"https:\/\/eventor.orienteering.org\/Documents\/Event\/3591\/1\/Previous-map--5\" target=\"_blank\" rel=\"noopener\"><img loading=\"lazy\" width=\"300\" height=\"211\" src=\"https:\/\/www.olgcordoba.ch\/wp-content\/uploads\/2021\/08\/2021_Welcup_SE-300x211.jpg\" alt=\"\" class=\"wp-image-13620\" srcset=\"https:\/\/www.olgcordoba.ch\/wp-content\/uploads\/2021\/08\/2021_Welcup_SE-300x211.jpg 300w, https:\/\/www.olgcordoba.ch\/wp-content\/uploads\/2021\/08\/2021_Welcup_SE.jpg 481w\" sizes=\"(max-width: 300px) 100vw, 300px\" \/><\/a><figcaption>Kartenausschnitt: <br>Auf Bild klicken und die ganze Karte wird dir angezeigt.<\/figcaption><\/figure><\/div>\n\n\n\n<p>Seine 2 Eins\u00e4tze sind (mehr Details folgen sobald bekannt): <\/p>\n\n\n\n<ul><li>Mitteldistanz Samstag, 14. August:<ul><li><a rel=\"noreferrer noopener\" href=\"https:\/\/eventor.orienteering.org\/Documents\/Event\/4476\/1\/Startlist-Middle-Distance\" data-type=\"URL\" data-id=\"https:\/\/eventor.orienteering.org\/Documents\/Event\/4476\/1\/Startlist-Middle-Distance\" target=\"_blank\">Startliste<\/a><\/li><\/ul><ul><li>Startzeit von Timo: <strong>14:26<\/strong>, Startnr.: 261, mit GPS<\/li><li><a rel=\"noreferrer noopener\" href=\"https:\/\/orienteering.sport\/event\/world-cup-round-2\/middle\/\" data-type=\"URL\" data-id=\"https:\/\/orienteering.sport\/event\/world-cup-round-2\/middle\/\" target=\"_blank\">Live<\/a><\/li><li><a rel=\"noreferrer noopener\" href=\"https:\/\/eventor.orienteering.org\/Documents\/Event\/4479\/1\/Official-Results-Men\" data-type=\"URL\" data-id=\"https:\/\/eventor.orienteering.org\/Documents\/Event\/4479\/1\/Official-Results-Men\" target=\"_blank\">Resultate<\/a>, Timo ist 88.<\/li><li><a rel=\"noreferrer noopener\" href=\"https:\/\/live.tractrac.com\/viewer\/index.html?target=https:\/\/live.tractrac.com\/events\/event_20210808_Orienteeri1\/races\/b9c1be70-dc07-0139-ba15-10bf48d758ce.json\" data-type=\"URL\" data-id=\"https:\/\/live.tractrac.com\/viewer\/index.html?target=https:\/\/live.tractrac.com\/events\/event_20210808_Orienteeri1\/races\/b9c1be70-dc07-0139-ba15-10bf48d758ce.json\" target=\"_blank\">Karte<\/a><a href=\"https:\/\/live.tractrac.com\/viewer\/index.html?target=https:\/\/live.tractrac.com\/events\/event_20210808_Orienteeri1\/races\/b9c1be70-dc07-0139-ba15-10bf48d758ce.json\" data-type=\"URL\" data-id=\"https:\/\/live.tractrac.com\/viewer\/index.html?target=https:\/\/live.tractrac.com\/events\/event_20210808_Orienteeri1\/races\/b9c1be70-dc07-0139-ba15-10bf48d758ce.json\"> <\/a>mit Bahnen<\/li><\/ul><\/li><li>Staffel Sonntag, 15. August:<ul><li><a rel=\"noreferrer noopener\" href=\"https:\/\/eventor.orienteering.org\/Events\/StartList?eventId=6745&amp;groupBy=EventClass\" data-type=\"URL\" data-id=\"https:\/\/eventor.orienteering.org\/Events\/StartList?eventId=6745&amp;groupBy=EventClass\" target=\"_blank\">Startliste<\/a><\/li><li>Strecke von Timo: . Strecke im Team Schweiz 3, Team-Nr. 134<\/li><li>Startzeit: 12:35<\/li><li><a rel=\"noreferrer noopener\" href=\"https:\/\/orienteering.sport\/event\/world-cup-round-2\/relay\/\" data-type=\"URL\" data-id=\"https:\/\/orienteering.sport\/event\/world-cup-round-2\/relay\/\" target=\"_blank\">Live<\/a><\/li><li><a href=\"https:\/\/eventor.orienteering.org\/Events\/ResultList?eventId=6745&amp;groupBy=EventClass\" data-type=\"URL\" data-id=\"https:\/\/eventor.orienteering.org\/Events\/ResultList?eventId=6745&amp;groupBy=EventClass\" target=\"_blank\" rel=\"noreferrer noopener\">Resultate<\/a>, Timo ist 14. auf der 1. Strecke<\/li><li><a href=\"https:\/\/live.tractrac.com\/viewer\/index.html?target=https:\/\/live.tractrac.com\/events\/event_20210808_Orienteeri1\/races\/7cbdc1e0-dfbe-0139-f1bb-02b571356946.json\" data-type=\"URL\" data-id=\"https:\/\/live.tractrac.com\/viewer\/index.html?target=https:\/\/live.tractrac.com\/events\/event_20210808_Orienteeri1\/races\/7cbdc1e0-dfbe-0139-f1bb-02b571356946.json\" target=\"_blank\" rel=\"noreferrer noopener\">Karte <\/a>mit Bahnen<\/li><\/ul><\/li><\/ul>\n\n\n\n<p>Mehr Infos findest du auf der <a rel=\"noreferrer noopener\" href=\"https:\/\/www.idrefjallveckan.se\/\" data-type=\"URL\" data-id=\"https:\/\/www.idrefjallveckan.se\/\" target=\"_blank\">Veranstalter Homepage<\/a> und eine <a rel=\"noreferrer noopener\" href=\"https:\/\/www.swiss-orienteering.ch\/de\/news\/ol\/2170-die-weltcuplaeufe-in-idre-fjaell-stehen-vor-der-tuer.html\" data-type=\"URL\" data-id=\"https:\/\/www.swiss-orienteering.ch\/de\/news\/ol\/2170-die-weltcuplaeufe-in-idre-fjaell-stehen-vor-der-tuer.html\" target=\"_blank\">Vorschau<\/a> auf der Homepage von Swiss Orienteering. Gem\u00e4ss den alten Karten vom Gel\u00e4nde werden es sehr interessante L\u00e4ufe (auf der <a rel=\"noreferrer noopener\" href=\"https:\/\/www.idrefjallveckan.se\/\" data-type=\"URL\" data-id=\"https:\/\/www.idrefjallveckan.se\/\" target=\"_blank\">Veranstalter Homepage<\/a> unten rechts).<br>Du kannst alle L\u00e4ufe mit englischem Kommentar direkt im <a rel=\"noreferrer noopener\" href=\"https:\/\/orienteering.sport\/event\/world-cup-round-2\/welcome\/\" data-type=\"URL\" data-id=\"https:\/\/orienteering.sport\/event\/world-cup-round-2\/welcome\/\" target=\"_blank\">Web <\/a> mitverfolgen (auch die Langdistanz vom Donnerstag, 12. August, aber ohne Timo). Ebenso findest du dort <a rel=\"noreferrer noopener\" href=\"https:\/\/orienteering.sport\/event\/world-cup-round-2\/welcome\/\" data-type=\"URL\" data-id=\"https:\/\/orienteering.sport\/event\/world-cup-round-2\/welcome\/\" target=\"_blank\">Startliste, GPS und Live Resultate<\/a>.<\/p>\n","protected":false},"excerpt":{"rendered":"<p>Timo Suter hat 2 Eins\u00e4tze an den Weltcupl\u00e4ufen in Idre Fj\u00e4ll (Schweden): In der Mitteldistanz und in der Staffel. Hopp Timo !! &#x1f44f; &#x1f44f; &#x1f44f;<\/p>\n","protected":false},"author":18,"featured_media":4731,"comment_status":"closed","ping_status":"closed","sticky":false,"template":"","format":"standard","meta":[],"categories":[8],"tags":[],"_links":{"self":[{"href":"https:\/\/www.olgcordoba.ch\/index.php\/wp-json\/wp\/v2\/posts\/13610"}],"collection":[{"href":"https:\/\/www.olgcordoba.ch\/index.php\/wp-json\/wp\/v2\/posts"}],"about":[{"href":"https:\/\/www.olgcordoba.ch\/index.php\/wp-json\/wp\/v2\/types\/post"}],"author":[{"embeddable":true,"href":"https:\/\/www.olgcordoba.ch\/index.php\/wp-json\/wp\/v2\/users\/18"}],"replies":[{"embeddable":true,"href":"https:\/\/www.olgcordoba.ch\/index.php\/wp-json\/wp\/v2\/comments?post=13610"}],"version-history":[{"count":26,"href":"https:\/\/www.olgcordoba.ch\/index.php\/wp-json\/wp\/v2\/posts\/13610\/revisions"}],"predecessor-version":[{"id":13741,"href":"https:\/\/www.olgcordoba.ch\/index.php\/wp-json\/wp\/v2\/posts\/13610\/revisions\/13741"}],"wp:featuredmedia":[{"embeddable":true,"href":"https:\/\/www.olgcordoba.ch\/index.php\/wp-json\/wp\/v2\/media\/4731"}],"wp:attachment":[{"href":"https:\/\/www.olgcordoba.ch\/index.php\/wp-json\/wp\/v2\/media?parent=13610"}],"wp:term":[{"taxonomy":"category","embeddable":true,"href":"https:\/\/www.olgcordoba.ch\/index.php\/wp-json\/wp\/v2\/categories?post=13610"},{"taxonomy":"post_tag","embeddable":true,"href":"https:\/\/www.olgcordoba.ch\/index.php\/wp-json\/wp\/v2\/tags?post=13610"}],"curies":[{"name":"wp","href":"https:\/\/api.w.org\/{rel}","templated":true}]}}