{"id":17293,"date":"2022-11-28T01:00:00","date_gmt":"2022-11-28T00:00:00","guid":{"rendered":"https:\/\/www.olgcordoba.ch\/?p=17293"},"modified":"2022-11-27T08:48:56","modified_gmt":"2022-11-27T07:48:56","slug":"warum-cordoba-im-aargau-liegt","status":"publish","type":"post","link":"https:\/\/www.olgcordoba.ch\/index.php\/2022\/11\/28\/warum-cordoba-im-aargau-liegt\/","title":{"rendered":"Warum Cordoba im Aargau liegt"},"content":{"rendered":"\n<p>Die Orientierungslauf-Gruppe der Region Baden wird 50.<\/p>\n\n\n\n<!--more-->\n\n\n\n<div class=\"wp-block-image\"><figure class=\"alignright size-medium\"><a href=\"https:\/\/www.olgcordoba.ch\/wp-content\/uploads\/2022\/11\/2022_Cordoba-Nacht_OL_1974_Jacqueline_Werder_Andre_Biland-scaled.jpg\"><img loading=\"lazy\" width=\"197\" height=\"300\" src=\"https:\/\/www.olgcordoba.ch\/wp-content\/uploads\/2022\/11\/2022_Cordoba-Nacht_OL_1974_Jacqueline_Werder_Andre_Biland-197x300.jpg\" alt=\"\" class=\"wp-image-17292\" srcset=\"https:\/\/www.olgcordoba.ch\/wp-content\/uploads\/2022\/11\/2022_Cordoba-Nacht_OL_1974_Jacqueline_Werder_Andre_Biland-197x300.jpg 197w, https:\/\/www.olgcordoba.ch\/wp-content\/uploads\/2022\/11\/2022_Cordoba-Nacht_OL_1974_Jacqueline_Werder_Andre_Biland-671x1024.jpg 671w, https:\/\/www.olgcordoba.ch\/wp-content\/uploads\/2022\/11\/2022_Cordoba-Nacht_OL_1974_Jacqueline_Werder_Andre_Biland-768x1171.jpg 768w, https:\/\/www.olgcordoba.ch\/wp-content\/uploads\/2022\/11\/2022_Cordoba-Nacht_OL_1974_Jacqueline_Werder_Andre_Biland-1007x1536.jpg 1007w, https:\/\/www.olgcordoba.ch\/wp-content\/uploads\/2022\/11\/2022_Cordoba-Nacht_OL_1974_Jacqueline_Werder_Andre_Biland-1343x2048.jpg 1343w, https:\/\/www.olgcordoba.ch\/wp-content\/uploads\/2022\/11\/2022_Cordoba-Nacht_OL_1974_Jacqueline_Werder_Andre_Biland-scaled.jpg 1679w\" sizes=\"(max-width: 197px) 100vw, 197px\" \/><\/a><figcaption>Jaqueline Werder (heute Keller) mit ihrem Cousin Andr\u00e9 Biland (j\u00fcngster Sohn von Gregor Biland) beim 1. Cordoba Nacht OL von 1974 auf der Karte Baldegg-Horn.<\/figcaption><\/figure><\/div>\n\n\n\n<p>Unter diesem Titel erscheint in den Badener Neujahrsbl\u00e4ttern 2023 ein Beitrag von Simon Steiner und Patrick Zehnder. Anlass dazu ist das Jubil\u00e4um der Gr\u00fcndung unseres Vereins am 13. Januar 1973 in Brugg. Die Vernissage der Badener Neujahrsbl\u00e4tter findet am Montag, 28. November 2022 im Historischen Museum Baden statt. Erh\u00e4ltlich ist das Buch mit vielen weiteren Beitr\u00e4gen aus dem Ostaargau bei allen Buchhandlungen sowie beim <a rel=\"noreferrer noopener\" href=\"http:\/\/www.hierundjetzt.ch\/de\/catalogue\/badener-neujahrsblatter-2023_22000034\/\" data-type=\"URL\" data-id=\"www.hierundjetzt.ch\/de\/catalogue\/badener-neujahrsblatter-2023_22000034\/\" target=\"_blank\">Verlag<\/a>.<\/p>\n\n\n\n<p>Hier ein <a rel=\"noreferrer noopener\" href=\"https:\/\/www.olgcordoba.ch\/wp-content\/uploads\/2022\/11\/2022_50-Jahre_Cordoba_BNB_2023.pdf\" data-type=\"URL\" data-id=\"https:\/\/www.olgcordoba.ch\/wp-content\/uploads\/2022\/11\/2022_50-Jahre_Cordoba_BNB_2023.pdf\" target=\"_blank\">Auszug<\/a> aus dem Beitrag in den Badener Neujahrsbl\u00e4tter 2023.<\/p>\n","protected":false},"excerpt":{"rendered":"<p>Die Orientierungslauf-Gruppe der Region Baden wird 50.<\/p>\n","protected":false},"author":18,"featured_media":17295,"comment_status":"closed","ping_status":"closed","sticky":false,"template":"","format":"standard","meta":[],"categories":[8,113],"tags":[],"_links":{"self":[{"href":"https:\/\/www.olgcordoba.ch\/index.php\/wp-json\/wp\/v2\/posts\/17293"}],"collection":[{"href":"https:\/\/www.olgcordoba.ch\/index.php\/wp-json\/wp\/v2\/posts"}],"about":[{"href":"https:\/\/www.olgcordoba.ch\/index.php\/wp-json\/wp\/v2\/types\/post"}],"author":[{"embeddable":true,"href":"https:\/\/www.olgcordoba.ch\/index.php\/wp-json\/wp\/v2\/users\/18"}],"replies":[{"embeddable":true,"href":"https:\/\/www.olgcordoba.ch\/index.php\/wp-json\/wp\/v2\/comments?post=17293"}],"version-history":[{"count":2,"href":"https:\/\/www.olgcordoba.ch\/index.php\/wp-json\/wp\/v2\/posts\/17293\/revisions"}],"predecessor-version":[{"id":17296,"href":"https:\/\/www.olgcordoba.ch\/index.php\/wp-json\/wp\/v2\/posts\/17293\/revisions\/17296"}],"wp:featuredmedia":[{"embeddable":true,"href":"https:\/\/www.olgcordoba.ch\/index.php\/wp-json\/wp\/v2\/media\/17295"}],"wp:attachment":[{"href":"https:\/\/www.olgcordoba.ch\/index.php\/wp-json\/wp\/v2\/media?parent=17293"}],"wp:term":[{"taxonomy":"category","embeddable":true,"href":"https:\/\/www.olgcordoba.ch\/index.php\/wp-json\/wp\/v2\/categories?post=17293"},{"taxonomy":"post_tag","embeddable":true,"href":"https:\/\/www.olgcordoba.ch\/index.php\/wp-json\/wp\/v2\/tags?post=17293"}],"curies":[{"name":"wp","href":"https:\/\/api.w.org\/{rel}","templated":true}]}}