{"id":18945,"date":"2023-05-24T21:14:06","date_gmt":"2023-05-24T19:14:06","guid":{"rendered":"https:\/\/www.olgcordoba.ch\/?p=18945"},"modified":"2023-05-24T21:14:08","modified_gmt":"2023-05-24T19:14:08","slug":"cordoba-jubilaeumsfest","status":"publish","type":"post","link":"https:\/\/www.olgcordoba.ch\/index.php\/2023\/05\/24\/cordoba-jubilaeumsfest\/","title":{"rendered":"Cordoba Jubil\u00e4umsfest"},"content":{"rendered":"\n<p>Schon bald ist es soweit und die Mitglieder  feiern den 50ten Geburtstag von Cordoba OLC!<br>Alle Mitglieder sind herzlich zum <strong>Fest am 10. Juni 2023 im Geissenschachen Brugg<\/strong> eingeladen.<\/p>\n\n\n\n<!--more-->\n\n\n\n<div class=\"wp-block-image\"><figure class=\"alignright size-medium\"><a href=\"https:\/\/www.olgcordoba.ch\/wp-content\/uploads\/2023\/05\/2023_40_Jahre_Cordoba_001.jpg\"><img loading=\"lazy\" width=\"200\" height=\"300\" src=\"https:\/\/www.olgcordoba.ch\/wp-content\/uploads\/2023\/05\/2023_40_Jahre_Cordoba_001-200x300.jpg\" alt=\"\" class=\"wp-image-18942\" srcset=\"https:\/\/www.olgcordoba.ch\/wp-content\/uploads\/2023\/05\/2023_40_Jahre_Cordoba_001-200x300.jpg 200w, https:\/\/www.olgcordoba.ch\/wp-content\/uploads\/2023\/05\/2023_40_Jahre_Cordoba_001.jpg 665w\" sizes=\"(max-width: 200px) 100vw, 200px\" \/><\/a><figcaption>Beda Humbel bei seiner nicht zu kurzen Ansprache am Jubil\u00e4umsfest 40 Jahre Cordoba<\/figcaption><\/figure><\/div>\n\n\n\n<p class=\"has-small-font-size\">Titelbild: Es wurde gefeierte am Jubil\u00e4umsfest 40 Jahre Cordoba OLC<\/p>\n\n\n\n<p>Folgendes Programm erwartet euch:<br>17.00 Uhr &nbsp; &nbsp;&nbsp;&nbsp;&nbsp;&nbsp;&nbsp;&nbsp; Start Fest (inkl. geladene G\u00e4ste)<br>&nbsp;&nbsp;&nbsp;&nbsp;&nbsp;&nbsp;&nbsp;&nbsp;&nbsp;&nbsp;&nbsp;&nbsp;&nbsp;&nbsp;&nbsp;&nbsp;&nbsp;&nbsp;&nbsp;&nbsp;&nbsp;&nbsp;&nbsp;&nbsp;&nbsp;&nbsp;&nbsp;&nbsp;&nbsp;&nbsp;&nbsp;&nbsp;&nbsp;&nbsp;&nbsp;&nbsp;&nbsp;&nbsp;&nbsp;&nbsp;&nbsp;&nbsp;&nbsp;&nbsp;&nbsp;&nbsp; Ap\u00e9ro Riche<br>&nbsp;&nbsp;&nbsp;&nbsp;&nbsp;&nbsp;&nbsp;&nbsp;&nbsp;&nbsp;&nbsp;&nbsp;&nbsp;&nbsp;&nbsp;&nbsp;&nbsp;&nbsp;&nbsp;&nbsp;&nbsp;&nbsp;&nbsp;&nbsp;&nbsp;&nbsp;&nbsp;&nbsp;&nbsp;&nbsp;&nbsp;&nbsp;&nbsp;&nbsp;&nbsp;&nbsp;&nbsp;&nbsp;&nbsp;&nbsp;&nbsp;&nbsp;&nbsp;&nbsp;&nbsp;&nbsp; Kurze Ansprachen<br>19.00 Uhr&nbsp;&nbsp;&nbsp;&nbsp;&nbsp;&nbsp;&nbsp;&nbsp;&nbsp;&nbsp; Start Nachtessen Grill-Buffet (nur Cordoba-Mitglieder)&nbsp;&nbsp;&nbsp;&nbsp;&nbsp;&nbsp;&nbsp;&nbsp;&nbsp;&nbsp;&nbsp;&nbsp;&nbsp;&nbsp;&nbsp;&nbsp;&nbsp;&nbsp;&nbsp;&nbsp;&nbsp;&nbsp;&nbsp;&nbsp;&nbsp;&nbsp;&nbsp;&nbsp;&nbsp;&nbsp;&nbsp;&nbsp;&nbsp;&nbsp;&nbsp;&nbsp;&nbsp;&nbsp;&nbsp;&nbsp;&nbsp;&nbsp;&nbsp;&nbsp;&nbsp;&nbsp;  &nbsp;&nbsp;&nbsp;&nbsp;&nbsp;&nbsp;&nbsp;&nbsp;&nbsp;&nbsp;&nbsp;&nbsp;&nbsp;&nbsp;&nbsp;&nbsp;&nbsp;&nbsp;&nbsp;&nbsp;&nbsp;&nbsp;&nbsp;&nbsp;&nbsp;&nbsp;&nbsp;&nbsp;&nbsp;&nbsp;&nbsp;&nbsp;&nbsp;&nbsp;&nbsp;&nbsp;&nbsp;&nbsp;&nbsp;&nbsp;&nbsp;&nbsp;&nbsp;&nbsp;&nbsp;&nbsp; Jubil\u00e4ums-Fotoshow<br>&nbsp;&nbsp;&nbsp;&nbsp;&nbsp;&nbsp;&nbsp;&nbsp;&nbsp;&nbsp;&nbsp;&nbsp;&nbsp;&nbsp;&nbsp;&nbsp;&nbsp;&nbsp;&nbsp;&nbsp;&nbsp;&nbsp;&nbsp;&nbsp;&nbsp;&nbsp;&nbsp;&nbsp;&nbsp;&nbsp;&nbsp;&nbsp;&nbsp;&nbsp;&nbsp;&nbsp;&nbsp;&nbsp;&nbsp;&nbsp;&nbsp;&nbsp;&nbsp;&nbsp;&nbsp;&nbsp; Musik, Essen, Trinken, plaudern und geniessen!<\/p>\n\n\n\n<p>Das Organisationsteam bittet alle, nach M\u00f6glichkeit bereits um 17.00 Uhr anwesend zu sein. Falls dies jemanden nicht m\u00f6glich ist, erscheint bitte erst auf das Nachtessen (19.00 Uhr), damit wir zu viel Unruhe w\u00e4hrend dem Teil mit den geladenen G\u00e4sten vermeiden k\u00f6nnen.<\/p>\n\n\n\n<div class=\"wp-block-image\"><figure class=\"alignleft size-medium\"><a href=\"https:\/\/www.olgcordoba.ch\/wp-content\/uploads\/2023\/05\/2023_40_Jahre_Cordoba_003.jpg\"><img loading=\"lazy\" width=\"200\" height=\"300\" src=\"https:\/\/www.olgcordoba.ch\/wp-content\/uploads\/2023\/05\/2023_40_Jahre_Cordoba_003-200x300.jpg\" alt=\"\" class=\"wp-image-18944\" srcset=\"https:\/\/www.olgcordoba.ch\/wp-content\/uploads\/2023\/05\/2023_40_Jahre_Cordoba_003-200x300.jpg 200w, https:\/\/www.olgcordoba.ch\/wp-content\/uploads\/2023\/05\/2023_40_Jahre_Cordoba_003.jpg 665w\" sizes=\"(max-width: 200px) 100vw, 200px\" \/><\/a><figcaption>Jari Suter am am Jubil\u00e4umsfest 40 Jahre Cordoba &#8211; wie die Zeit vergeht!<\/figcaption><\/figure><\/div>\n\n\n\n<p>W\u00e4hrend dem ganzen Abend habt ihr zudem Zeit, einen Cordoba Jubil\u00e4ums-Quizlauf, von Jari organisiert, zu absolvieren. Die Gewinner werden nat\u00fcrlich gek\u00fcrt!<\/p>\n\n\n\n<p>Deine <strong>Anmeldung bis am 1. Juni 2023<\/strong>&nbsp;erfolgt \u00fcber das folgende <a rel=\"noreferrer noopener\" href=\"https:\/\/forms.office.com\/pages\/responsepage.aspx?id=DQSIkWdsW0yxEjajBLZtrQAAAAAAAAAAAAO__TIzii1UQlM4UlVCV1FSVlkwU0o1SU5SQ0FIRk9ERC4u\" data-type=\"URL\" data-id=\"https:\/\/forms.office.com\/pages\/responsepage.aspx?id=DQSIkWdsW0yxEjajBLZtrQAAAAAAAAAAAAO__TIzii1UQlM4UlVCV1FSVlkwU0o1SU5SQ0FIRk9ERC4u\" target=\"_blank\">Formular<\/a>.<\/p>\n\n\n\n<p>Ihr d\u00fcrft euch gerne auch familien- oder paarweise anmelden, einfach die Anzahl Personen anpassen!&nbsp;<\/p>\n\n\n\n<p>Das Fest findet in einer offenen Halle mit Kiesboden statt. Entsprechend ist weder Smoking noch das Kleine Schwarze gefragt.<\/p>\n\n\n\n<p>Bei Fragen meldet euch direkt bei  <a rel=\"noreferrer noopener\" href=\"mailto:chantaloppliger@sunrise.ch?subject=Jubil\u00e4umsfest\" data-type=\"mailto\" data-id=\"mailto:chantaloppliger@sunrise.ch?subject=Jubil\u00e4umsfest\" target=\"_blank\">Chantal Oppliger <\/a> Chantal Oppliger.\u00a0<\/p>\n","protected":false},"excerpt":{"rendered":"<p>Schon bald ist es soweit und die Mitglieder feiern den 50ten Geburtstag von Cordoba OLC!Alle Mitglieder sind herzlich zum Fest am 10. Juni 2023 im Geissenschachen Brugg eingeladen.<\/p>\n","protected":false},"author":18,"featured_media":18943,"comment_status":"closed","ping_status":"closed","sticky":false,"template":"","format":"standard","meta":[],"categories":[8,55],"tags":[],"_links":{"self":[{"href":"https:\/\/www.olgcordoba.ch\/index.php\/wp-json\/wp\/v2\/posts\/18945"}],"collection":[{"href":"https:\/\/www.olgcordoba.ch\/index.php\/wp-json\/wp\/v2\/posts"}],"about":[{"href":"https:\/\/www.olgcordoba.ch\/index.php\/wp-json\/wp\/v2\/types\/post"}],"author":[{"embeddable":true,"href":"https:\/\/www.olgcordoba.ch\/index.php\/wp-json\/wp\/v2\/users\/18"}],"replies":[{"embeddable":true,"href":"https:\/\/www.olgcordoba.ch\/index.php\/wp-json\/wp\/v2\/comments?post=18945"}],"version-history":[{"count":9,"href":"https:\/\/www.olgcordoba.ch\/index.php\/wp-json\/wp\/v2\/posts\/18945\/revisions"}],"predecessor-version":[{"id":18954,"href":"https:\/\/www.olgcordoba.ch\/index.php\/wp-json\/wp\/v2\/posts\/18945\/revisions\/18954"}],"wp:featuredmedia":[{"embeddable":true,"href":"https:\/\/www.olgcordoba.ch\/index.php\/wp-json\/wp\/v2\/media\/18943"}],"wp:attachment":[{"href":"https:\/\/www.olgcordoba.ch\/index.php\/wp-json\/wp\/v2\/media?parent=18945"}],"wp:term":[{"taxonomy":"category","embeddable":true,"href":"https:\/\/www.olgcordoba.ch\/index.php\/wp-json\/wp\/v2\/categories?post=18945"},{"taxonomy":"post_tag","embeddable":true,"href":"https:\/\/www.olgcordoba.ch\/index.php\/wp-json\/wp\/v2\/tags?post=18945"}],"curies":[{"name":"wp","href":"https:\/\/api.w.org\/{rel}","templated":true}]}}