{"id":25578,"date":"2026-04-29T12:36:02","date_gmt":"2026-04-29T10:36:02","guid":{"rendered":"https:\/\/www.olgcordoba.ch\/?p=25578"},"modified":"2026-04-29T12:36:04","modified_gmt":"2026-04-29T10:36:04","slug":"weltcup-nat-weekend-in-locarno-ascona","status":"publish","type":"post","link":"https:\/\/www.olgcordoba.ch\/index.php\/2026\/04\/29\/weltcup-nat-weekend-in-locarno-ascona\/","title":{"rendered":"Weltcup &#038; nat. Weekend in Locarno\/Ascona"},"content":{"rendered":"\n<p>Am Wochenende vom 24. &#8211; 26. April fand in Locarno\/Ascona der erste OL-Weltcup 2026 und ein nationales OL-Weekend statt. Am Weltcup lief Timo Suter an allen 3 L\u00e4ufen mit gute Resultaten. Insbesondere an der Sprintstaffel lief es ihm hervorragen.<\/p>\n\n\n\n<!--more-->\n\n\n\n<div class=\"wp-block-image\"><figure class=\"alignright size-medium\"><a href=\"https:\/\/www.olgcordoba.ch\/wp-content\/uploads\/2026\/04\/2026_Weltcup_Tessin_002.jpg\"><img loading=\"lazy\" width=\"200\" height=\"300\" src=\"https:\/\/www.olgcordoba.ch\/wp-content\/uploads\/2026\/04\/2026_Weltcup_Tessin_002-200x300.jpg\" alt=\"\" class=\"wp-image-25588\" srcset=\"https:\/\/www.olgcordoba.ch\/wp-content\/uploads\/2026\/04\/2026_Weltcup_Tessin_002-200x300.jpg 200w, https:\/\/www.olgcordoba.ch\/wp-content\/uploads\/2026\/04\/2026_Weltcup_Tessin_002.jpg 667w\" sizes=\"(max-width: 200px) 100vw, 200px\" \/><\/a><figcaption>Studium der Karte nach dem Sprint<\/figcaption><\/figure><\/div>\n\n\n\n<p class=\"has-small-font-size\">Beitragsbild: Timo wurde direkt vor Ort vom &#8220;Fanclub Timo Suter&#8221; lautstrak unterst\u00fctzt.<br>Fotos: Simon Buser, Leonhard Suter<\/p>\n\n\n\n<p>Am Freitag Nachnachmittag stand zum Auftakt f\u00fcr Timo ein Einzelsprint auf dem Programm. Er erreichte den 20. Rang. Damit war er nicht ganz zufrieden. Sein Kommentar auf Instagram: &#8220;No legs and not really a good flow&#8221;.<\/p>\n\n\n\n<p>Fakten zum Einzelsprint:<br>&nbsp;&nbsp;\u2022 <a href=\"https:\/\/www.o-l.ch\/cgi-bin\/results?type=rang&amp;year=2026&amp;result_event_id=3909&amp;kat=--&amp;club=\" data-type=\"URL\" data-id=\"https:\/\/www.o-l.ch\/cgi-bin\/results?type=rang&amp;year=2026&amp;result_event_id=3909&amp;kat=--&amp;club=\" target=\"_blank\" rel=\"noreferrer noopener\">Resultate<\/a><br>&nbsp;&nbsp;\u2022 <a href=\"https:\/\/www.livelox.com\/Events\/Show\/186822\/World-Cup-2026-Locarno-Ascona-Switzerland\" data-type=\"URL\" data-id=\"https:\/\/www.livelox.com\/Events\/Show\/186822\/World-Cup-2026-Locarno-Ascona-Switzerland\" target=\"_blank\" rel=\"noreferrer noopener\">Bahnen <\/a>mit GPS auf Livelox<br>&nbsp;&nbsp;\u2022 <a href=\"https:\/\/www.swiss-orienteering.ch\/de\/news\/ol\/3291-tino-polsini-triumphiert-beim-weltcup-auftakt-simona-aebersold-wird-dritte.html\" data-type=\"URL\" data-id=\"https:\/\/www.swiss-orienteering.ch\/de\/news\/ol\/3291-tino-polsini-triumphiert-beim-weltcup-auftakt-simona-aebersold-wird-dritte.html\" target=\"_blank\" rel=\"noreferrer noopener\">Bericht <\/a>auf der HP von Swiss Orienteering<\/p>\n\n\n\n<p>Am Samstag durfte er im Team Schweiz 1 an der Sprintstaffel die zweite Strecke laufen. Diese Aufgabe meistere er mit Bravour! Timo konnte sowohl den Rang verbessern, aber auch den R\u00fcckstand verringern. Seine Geste nach der \u00dcbergabe war klar: Mit diesem Lauf war er zufrieden. Sein Team lief in der L\u00e4nderwertung auf den ausgezeichneten 3. Rang!<\/p>\n\n\n\n<p>Fakten zur Sprintstaffel:<br>\u00a0\u00a0\u2022 <a rel=\"noreferrer noopener\" href=\"https:\/\/www.o-l.ch\/cgi-bin\/results?type=rang&amp;year=2026&amp;result_event_id=3911&amp;kat=--&amp;club=\" data-type=\"URL\" data-id=\"https:\/\/www.o-l.ch\/cgi-bin\/results?type=rang&amp;year=2026&amp;result_event_id=3911&amp;kat=--&amp;club=\" target=\"_blank\">Resultate<\/a><br>\u00a0\u00a0\u2022 <a rel=\"noreferrer noopener\" href=\"https:\/\/www.livelox.com\/Events\/Show\/186935\/World-Cup-2026-Locarno-Ascona-Switzerland-Sprintrelay\" data-type=\"URL\" data-id=\"https:\/\/www.livelox.com\/Events\/Show\/186935\/World-Cup-2026-Locarno-Ascona-Switzerland-Sprintrelay\" target=\"_blank\">Bahnen <\/a>mit GPS auf Livelox<br>\u00a0\u00a0\u2022 <a rel=\"noreferrer noopener\" href=\"https:\/\/www.swiss-orienteering.ch\/de\/news\/ol\/3292-sprintstaffel-am-weltcup-in-locarno.html\" data-type=\"URL\" data-id=\"https:\/\/www.swiss-orienteering.ch\/de\/news\/ol\/3292-sprintstaffel-am-weltcup-in-locarno.html\" target=\"_blank\">Bericht <\/a>auf der HP von Swiss Orienteering<\/p>\n\n\n\n<div class=\"wp-block-image\"><figure class=\"alignright size-medium\"><a href=\"https:\/\/www.olgcordoba.ch\/wp-content\/uploads\/2026\/04\/2026_Weltcup_Tessin_004.jpg\"><img loading=\"lazy\" width=\"300\" height=\"200\" src=\"https:\/\/www.olgcordoba.ch\/wp-content\/uploads\/2026\/04\/2026_Weltcup_Tessin_004-300x200.jpg\" alt=\"\" class=\"wp-image-25586\" srcset=\"https:\/\/www.olgcordoba.ch\/wp-content\/uploads\/2026\/04\/2026_Weltcup_Tessin_004-300x200.jpg 300w, https:\/\/www.olgcordoba.ch\/wp-content\/uploads\/2026\/04\/2026_Weltcup_Tessin_004-768x512.jpg 768w, https:\/\/www.olgcordoba.ch\/wp-content\/uploads\/2026\/04\/2026_Weltcup_Tessin_004.jpg 1000w\" sizes=\"(max-width: 300px) 100vw, 300px\" \/><\/a><figcaption>Sprintstaffel Siegerehrung: Timo mit seinem Team Schweiz 1 auf dem Podest<\/figcaption><\/figure><\/div>\n\n\n\n<p>Am Sonntag ging es mit dem KO-Sprint weiter. Die 36 schnellsten des Einzelsprints waren berechtigt zu laufen. Im Viertelfinal kamen jeweils die drei schnellsten je Heat weiter. Mit einem 3. Rang in seinem Heat \u00fcberstand Timo und qualifizierte sich f\u00fcr den Halbfinal.<\/p>\n\n\n\n<p>Im Halbfinal, wo die ersten zwei weiterkommen, war dann leider Schluss. Timo lief auf den 3. Rang. Minimale 0.5 Sekunden fehlten ihm auf den rettenden 2. Rang.<\/p>\n\n\n\n<p>Fakten zum KO-Sprint:<br>\u00a0\u00a0\u2022 <a rel=\"noreferrer noopener\" href=\"https:\/\/www.o-l.ch\/cgi-bin\/results?type=rang&amp;year=2026&amp;result_event_id=3916&amp;kat=--&amp;club=\" data-type=\"URL\" data-id=\"https:\/\/www.o-l.ch\/cgi-bin\/results?type=rang&amp;year=2026&amp;result_event_id=3916&amp;kat=--&amp;club=\" target=\"_blank\">Resultate<\/a><br>\u00a0\u00a0\u2022 <a rel=\"noreferrer noopener\" href=\"https:\/\/www.tulospalvelu.fi\/gps\/\" data-type=\"URL\" data-id=\"https:\/\/www.tulospalvelu.fi\/gps\/\" target=\"_blank\">Bahnen <\/a>mit GPS<br>\u00a0\u00a0\u2022 <a rel=\"noreferrer noopener\" href=\"https:\/\/www.swiss-orienteering.ch\/de\/news\/ol\/3294-kasper-harlem-fosser-gewinnt-knockout-sprint-simona-aebersold-wird-zweite.html\" data-type=\"URL\" data-id=\"https:\/\/www.swiss-orienteering.ch\/de\/news\/ol\/3294-kasper-harlem-fosser-gewinnt-knockout-sprint-simona-aebersold-wird-zweite.html\" target=\"_blank\">Bericht <\/a>auf der HP von Swiss Orienteering<\/p>\n\n\n\n<div class=\"wp-block-image\"><figure class=\"alignright size-medium\"><a href=\"https:\/\/www.olgcordoba.ch\/wp-content\/uploads\/2026\/04\/2026_Weltcup_Tessin_006.jpg\"><img loading=\"lazy\" width=\"300\" height=\"200\" src=\"https:\/\/www.olgcordoba.ch\/wp-content\/uploads\/2026\/04\/2026_Weltcup_Tessin_006-300x200.jpg\" alt=\"\" class=\"wp-image-25584\" srcset=\"https:\/\/www.olgcordoba.ch\/wp-content\/uploads\/2026\/04\/2026_Weltcup_Tessin_006-300x200.jpg 300w, https:\/\/www.olgcordoba.ch\/wp-content\/uploads\/2026\/04\/2026_Weltcup_Tessin_006-768x512.jpg 768w, https:\/\/www.olgcordoba.ch\/wp-content\/uploads\/2026\/04\/2026_Weltcup_Tessin_006.jpg 1000w\" sizes=\"(max-width: 300px) 100vw, 300px\" \/><\/a><figcaption>Timo in Aktion am KO-Sprint<\/figcaption><\/figure><\/div>\n\n\n\n<p>Die Piazza Grande in Locarno lieferte alle drei Tage eine wunderbare Kulisse als Ziel, bei der Sprintstaffel auch als Start und \u00dcbergaberaum. Beim KO-Sprint wurde f\u00fcr den Halb- und den Final auch da gestartet,<\/p>\n\n\n\n<p>Cordobanerinnen und Cordobaner waren in verschiedenen Chargen am Weltcup als Helfer dabei.<\/p>\n\n\n\n<p>Parallel um Weltcup fanden der 5. und 6. Nationale als Publikumsl\u00e4ufe statt. Am Samstag durfte im legend\u00e4ren Arcegno eine Mitteldistanz gelaufen werden. Im Wald liegen viele Eichen, welche bei einem Sturm vor etwa 15 Jahren gef\u00e4llt wurden. Diese Sturmsch\u00e4den sind oft nicht passierbar und entsprechend kartiert. Dazwischen ist der Wald \u00fcber weite Teile noch immer gut belaufbar. O-technisch bietet der Wald grosse Anforderungen.<\/p>\n\n\n\n<p>Die Cordoba Podestpl\u00e4tzen vom Samstag (Mitteldistanz):<br>\u00a0\u00a0\u00a0&#x1f947;\u00a0Rang 1: <br>\u00a0\u00a0\u00a0&#x1f948; Rang 2: Christian Biland (H70)<br>\u00a0\u00a0\u00a0&#x1f949; Rang 3: <br>Gratulation!<\/p>\n\n\n\n<p>Fakten zum 5. Nationalen:<br>\u00a0\u00a0\u2022 <a rel=\"noreferrer noopener\" href=\"https:\/\/www.o-l.ch\/cgi-bin\/results?type=rang&amp;year=2026&amp;result_event_id=3900&amp;kat=--&amp;club=\" data-type=\"URL\" data-id=\"https:\/\/www.o-l.ch\/cgi-bin\/results?type=rang&amp;year=2026&amp;result_event_id=3900&amp;kat=--&amp;club=\" target=\"_blank\">Resultate<\/a><br>\u00a0\u00a0\u2022 <a href=\"https:\/\/www.livelox.com\/Events\/Show\/186907\/5-Nazionale-Middle-Arcegno\" data-type=\"URL\" data-id=\"https:\/\/www.livelox.com\/Events\/Show\/186907\/5-Nazionale-Middle-Arcegno\" target=\"_blank\" rel=\"noreferrer noopener\">Bahnen <\/a>mit GPS auf Livelox<\/p>\n\n\n\n<p>Sonntags f\u00fchrte uns ein urbaner Sprint durch Ascona. Im Mittelteil der Bahnen ging es durch den Dorfkern. Die Gassen waren nicht so eng, wie sonst \u00fcblich in Tessiner D\u00f6rfern.<\/p>\n\n\n\n<p>Die Cordoba Podestpl\u00e4tzen vom Samstag (Sprint):<br>\u00a0\u00a0\u00a0&#x1f947;\u00a0Rang 1: Johanna Purrer (D55)<br>\u00a0\u00a0\u00a0&#x1f948; Rang 2: Domi Humbel (H55)<br>\u00a0\u00a0\u00a0&#x1f949; Rang 3: Erich Schaffner (H80)<br>Gratulation!<\/p>\n\n\n\n<p>Fakten zum 6. Nationalen:<br>\u00a0\u00a0\u2022 <a rel=\"noreferrer noopener\" href=\"https:\/\/www.o-l.ch\/cgi-bin\/results?type=rang&amp;year=2026&amp;result_event_id=3901&amp;kat=--&amp;club=\" data-type=\"URL\" data-id=\"https:\/\/www.o-l.ch\/cgi-bin\/results?type=rang&amp;year=2026&amp;result_event_id=3901&amp;kat=--&amp;club=\" target=\"_blank\">Resultate<\/a><br>\u00a0\u00a0\u2022 <a href=\"https:\/\/www.livelox.com\/Events\/Show\/186946\/6-Nazionale-Sprint-Ascona\" data-type=\"URL\" data-id=\"https:\/\/www.livelox.com\/Events\/Show\/186946\/6-Nazionale-Sprint-Ascona\" target=\"_blank\" rel=\"noreferrer noopener\">Bahnen <\/a>mit GPS auf Livelox<\/p>\n\n\n\n<p>Fotos von Timo am Weltcup:<br>\n    <script src=\"http:\/\/ajax.googleapis.com\/ajax\/libs\/webfont\/1\/webfont.js\"><\/script>\n    <script type=\"text\/javascript\">\n      WebFont.load({\n        google: {\n          families: ['Arial'] \/\/ saved value\n        }\n      });\n    <\/script>\n\n     <style>\n\t#weblizar_25590  .rpgp-header-label {\n\t\tcolor:#FFFFFF !important;\n\t}\n\t\n\t#weblizar_25590 .rpgp-footer-label{\n\t\tcolor:#000000 !important;\n\t\tfont-size:16px;\n\t\tmargin-bottom: 5px;\n\t\tmargin-top: 5px;\n\t\ttext-align:center;\n\t\tfont-weight:normal;\n\t}\n\t\n\t#weblizar_25590 .fa{\n\t\tcolor:#FFFFFF !important;\n\t}\n\n    #weblizar_25590 .b-link-fade .b-wrapper,#weblizar_25590 .b-link-fade .b-top-line{\n        background: rgba(49, 163, 221, 0.2);\n    }\n    #weblizar_25590 .b-link-flow .b-wrapper,#weblizar_25590 .b-link-flow .b-top-line{\n        background: rgba(49, 163, 221, 0.2);\n    }\n    #weblizar_25590 .b-link-stroke .b-top-line{\n        background: rgba(49, 163, 221, 0.2);\n    }\n    #weblizar_25590 .b-link-stroke .b-bottom-line{\n        background: rgba(49, 163, 221, 0.2);\n    }\n\n    #weblizar_25590 .b-link-box .b-top-line{\n\n        border: 16px solid rgba(49, 163, 221, 0.2);\n    }\n    #weblizar_25590 .b-link-box .b-bottom-line{\n        background: rgba(49, 163, 221, 0.2);\n    }\n    #weblizar_25590 .b-link-stripe .b-line{\n        background: rgba(49, 163, 221, 0.2);\n    }\n    #weblizar_25590 .b-link-apart-horisontal .b-top-line,#weblizar_25590 .b-link-apart-horisontal .b-top-line-up{\n        background: rgba(49, 163, 221, 0.2);\n\n    }\n    #weblizar_25590 .b-link-apart-horisontal .b-bottom-line,#weblizar_25590 .b-link-apart-horisontal .b-bottom-line-up{\n        background: rgba(49, 163, 221, 0.2);\n    }\n    #weblizar_25590 .b-link-apart-vertical .b-top-line,#weblizar_25590 .b-link-apart-vertical .b-top-line-up{\n        background: rgba(49, 163, 221, 0.2);\n    }\n    #weblizar_25590 .b-link-apart-vertical .b-bottom-line,#weblizar_25590 .b-link-apart-vertical .b-bottom-line-up{\n        background: rgba(49, 163, 221, 0.2);\n    }\n    #weblizar_25590 .b-link-diagonal .b-line{\n        background: rgba(49, 163, 221, 0.2);\n    }\n\n    #weblizar_25590 .b-wrapper{\n        font-family:Arial; \/\/ real name pass here\n    }\n\t\n\t#weblizar_25590 .rpgp-header-label{\n        font-family:Arial !important; \/\/ real name pass here\n    }\n\t#weblizar_25590 .rpgp-footer-label{\n        font-family:Arial !important; \/\/ real name pass here\n    }\n\n\t\n\t@media (min-width: 992px){\n\t\t.col-md-6 {\n\t\t\twidth: 49.97% !important;\n\t\t}\n\t\t.col-md-4 {\n\t\t\twidth: 33.30% !important;\n\t\t}\n\t\t.col-md-3 {\n\t\t\twidth: 24.90% !important;\n\t\t}\n\t}\n\t\t\t@media (max-width: 992px) {\n\t\t\t#weblizar_25590 .rpgp-header-label\n\t\t\t{\n\t\t\t\tdisplay:none;\n\t\t\t}\n\t\t}\n\t\t@media (min-width: 993px) {\n\t\t\t#weblizar_25590 .rpgp-footer-label\n\t\t\t{\n\t\t\t\tdisplay:none;\n\t\t\t}\n\t\t}\n\t\t#weblizar_25590 a{\n\t\tborder-bottom: none;\n\t}\n\t\n\t    <\/style>\n\n        <div  class=\"gal-container photobox-lightbox \">\n            <!--get the post id-->\n        \t\t\n\t\t\t\t\n        <div class=\"gallery1\" id=\"weblizar_25590\">\n                        <div class=\"col-md-3 col-sm-6 wl-gallery\">\n                    <div class=\"b-link-fade b-animate-go\">\n\t\t\t\t\t\t\t\t\t\t\t\t<a href=\"https:\/\/www.olgcordoba.ch\/wp-content\/uploads\/2026\/04\/2026_Weltcup_Tessin_001.jpg\" alt=\"\">\n\t\t\t\t\t\t\t\t<img src=\"https:\/\/www.olgcordoba.ch\/wp-content\/uploads\/2026\/04\/2026_Weltcup_Tessin_001-400x400.jpg\" class=\"gall-img-responsive\" alt=\"\">\n\t\t\t\t\t\t\t\t<div class=\"b-wrapper\"> \t\t\t\t\t\t\t\t<\/div>\n\t\t\t\t\t\t\t<\/a>\n\t\t\t\t\t\t\t                    <\/div>\n\t\t\t\t\t\t\t\t\t\t<h4 class=\"rpgp-footer-label\"><\/h4>\n\t\t\t\t\t                <\/div>\n                                <div class=\"col-md-3 col-sm-6 wl-gallery\">\n                    <div class=\"b-link-fade b-animate-go\">\n\t\t\t\t\t\t\t\t\t\t\t\t<a href=\"https:\/\/www.olgcordoba.ch\/wp-content\/uploads\/2026\/04\/2026_Weltcup_Tessin_002.jpg\" alt=\"\">\n\t\t\t\t\t\t\t\t<img src=\"https:\/\/www.olgcordoba.ch\/wp-content\/uploads\/2026\/04\/2026_Weltcup_Tessin_002-400x400.jpg\" class=\"gall-img-responsive\" alt=\"\">\n\t\t\t\t\t\t\t\t<div class=\"b-wrapper\"> \t\t\t\t\t\t\t\t<\/div>\n\t\t\t\t\t\t\t<\/a>\n\t\t\t\t\t\t\t                    <\/div>\n\t\t\t\t\t\t\t\t\t\t<h4 class=\"rpgp-footer-label\"><\/h4>\n\t\t\t\t\t                <\/div>\n                                <div class=\"col-md-3 col-sm-6 wl-gallery\">\n                    <div class=\"b-link-fade b-animate-go\">\n\t\t\t\t\t\t\t\t\t\t\t\t<a href=\"https:\/\/www.olgcordoba.ch\/wp-content\/uploads\/2026\/04\/2026_Weltcup_Tessin_003.jpg\" alt=\"\">\n\t\t\t\t\t\t\t\t<img src=\"https:\/\/www.olgcordoba.ch\/wp-content\/uploads\/2026\/04\/2026_Weltcup_Tessin_003-400x400.jpg\" class=\"gall-img-responsive\" alt=\"\">\n\t\t\t\t\t\t\t\t<div class=\"b-wrapper\"> \t\t\t\t\t\t\t\t<\/div>\n\t\t\t\t\t\t\t<\/a>\n\t\t\t\t\t\t\t                    <\/div>\n\t\t\t\t\t\t\t\t\t\t<h4 class=\"rpgp-footer-label\"><\/h4>\n\t\t\t\t\t                <\/div>\n                                <div class=\"col-md-3 col-sm-6 wl-gallery\">\n                    <div class=\"b-link-fade b-animate-go\">\n\t\t\t\t\t\t\t\t\t\t\t\t<a href=\"https:\/\/www.olgcordoba.ch\/wp-content\/uploads\/2026\/04\/2026_Weltcup_Tessin_004.jpg\" alt=\"\">\n\t\t\t\t\t\t\t\t<img src=\"https:\/\/www.olgcordoba.ch\/wp-content\/uploads\/2026\/04\/2026_Weltcup_Tessin_004-400x400.jpg\" class=\"gall-img-responsive\" alt=\"\">\n\t\t\t\t\t\t\t\t<div class=\"b-wrapper\"> \t\t\t\t\t\t\t\t<\/div>\n\t\t\t\t\t\t\t<\/a>\n\t\t\t\t\t\t\t                    <\/div>\n\t\t\t\t\t\t\t\t\t\t<h4 class=\"rpgp-footer-label\"><\/h4>\n\t\t\t\t\t                <\/div>\n                                <div class=\"col-md-3 col-sm-6 wl-gallery\">\n                    <div class=\"b-link-fade b-animate-go\">\n\t\t\t\t\t\t\t\t\t\t\t\t<a href=\"https:\/\/www.olgcordoba.ch\/wp-content\/uploads\/2026\/04\/2026_Weltcup_Tessin_005.jpg\" alt=\"\">\n\t\t\t\t\t\t\t\t<img src=\"https:\/\/www.olgcordoba.ch\/wp-content\/uploads\/2026\/04\/2026_Weltcup_Tessin_005-400x400.jpg\" class=\"gall-img-responsive\" alt=\"\">\n\t\t\t\t\t\t\t\t<div class=\"b-wrapper\"> \t\t\t\t\t\t\t\t<\/div>\n\t\t\t\t\t\t\t<\/a>\n\t\t\t\t\t\t\t                    <\/div>\n\t\t\t\t\t\t\t\t\t\t<h4 class=\"rpgp-footer-label\"><\/h4>\n\t\t\t\t\t                <\/div>\n                                <div class=\"col-md-3 col-sm-6 wl-gallery\">\n                    <div class=\"b-link-fade b-animate-go\">\n\t\t\t\t\t\t\t\t\t\t\t\t<a href=\"https:\/\/www.olgcordoba.ch\/wp-content\/uploads\/2026\/04\/2026_Weltcup_Tessin_006.jpg\" alt=\"\">\n\t\t\t\t\t\t\t\t<img src=\"https:\/\/www.olgcordoba.ch\/wp-content\/uploads\/2026\/04\/2026_Weltcup_Tessin_006-400x400.jpg\" class=\"gall-img-responsive\" alt=\"\">\n\t\t\t\t\t\t\t\t<div class=\"b-wrapper\"> \t\t\t\t\t\t\t\t<\/div>\n\t\t\t\t\t\t\t<\/a>\n\t\t\t\t\t\t\t                    <\/div>\n\t\t\t\t\t\t\t\t\t\t<h4 class=\"rpgp-footer-label\"><\/h4>\n\t\t\t\t\t                <\/div>\n                                <div class=\"col-md-3 col-sm-6 wl-gallery\">\n                    <div class=\"b-link-fade b-animate-go\">\n\t\t\t\t\t\t\t\t\t\t\t\t<a href=\"https:\/\/www.olgcordoba.ch\/wp-content\/uploads\/2026\/04\/2026_Weltcup_Tessin_007.jpg\" alt=\"\">\n\t\t\t\t\t\t\t\t<img src=\"https:\/\/www.olgcordoba.ch\/wp-content\/uploads\/2026\/04\/2026_Weltcup_Tessin_007-400x400.jpg\" class=\"gall-img-responsive\" alt=\"\">\n\t\t\t\t\t\t\t\t<div class=\"b-wrapper\"> \t\t\t\t\t\t\t\t<\/div>\n\t\t\t\t\t\t\t<\/a>\n\t\t\t\t\t\t\t                    <\/div>\n\t\t\t\t\t\t\t\t\t\t<h4 class=\"rpgp-footer-label\"><\/h4>\n\t\t\t\t\t                <\/div>\n                                <div class=\"col-md-3 col-sm-6 wl-gallery\">\n                    <div class=\"b-link-fade b-animate-go\">\n\t\t\t\t\t\t\t\t\t\t\t\t<a href=\"https:\/\/www.olgcordoba.ch\/wp-content\/uploads\/2026\/04\/2026_Weltcup_Tessin_011.jpg\" alt=\"\">\n\t\t\t\t\t\t\t\t<img src=\"https:\/\/www.olgcordoba.ch\/wp-content\/uploads\/2026\/04\/2026_Weltcup_Tessin_011-400x400.jpg\" class=\"gall-img-responsive\" alt=\"\">\n\t\t\t\t\t\t\t\t<div class=\"b-wrapper\"> \t\t\t\t\t\t\t\t<\/div>\n\t\t\t\t\t\t\t<\/a>\n\t\t\t\t\t\t\t                    <\/div>\n\t\t\t\t\t\t\t\t\t\t<h4 class=\"rpgp-footer-label\"><\/h4>\n\t\t\t\t\t                <\/div>\n                        <\/div>\n        <\/div>\n\n        <script>\n\tjQuery('.photobox-lightbox').photobox('a');\n\t\/\/ or with a fancier selector and some settings, and a callback:\n\tjQuery('.photobox-lightbox').photobox('a:first', { thumbs:false, time:0 }, imageLoaded);\n\tfunction imageLoaded(){\n\t\tconsole.log('image has been loaded...');\n\t}\n    <\/script>\n    \t\n\t \t\n\t<!-- swipe box-->\n\t\t\n    <\/p>\n","protected":false},"excerpt":{"rendered":"<p>Am Wochenende vom 24. &#8211; 26. April fand in Locarno\/Ascona der erste OL-Weltcup 2026 und ein nationales OL-Weekend statt. Am Weltcup lief Timo Suter an allen 3 L\u00e4ufen mit gute Resultaten. Insbesondere an der Sprintstaffel lief es ihm hervorragen.<\/p>\n","protected":false},"author":18,"featured_media":25582,"comment_status":"closed","ping_status":"closed","sticky":false,"template":"","format":"standard","meta":[],"categories":[8,294],"tags":[],"_links":{"self":[{"href":"https:\/\/www.olgcordoba.ch\/index.php\/wp-json\/wp\/v2\/posts\/25578"}],"collection":[{"href":"https:\/\/www.olgcordoba.ch\/index.php\/wp-json\/wp\/v2\/posts"}],"about":[{"href":"https:\/\/www.olgcordoba.ch\/index.php\/wp-json\/wp\/v2\/types\/post"}],"author":[{"embeddable":true,"href":"https:\/\/www.olgcordoba.ch\/index.php\/wp-json\/wp\/v2\/users\/18"}],"replies":[{"embeddable":true,"href":"https:\/\/www.olgcordoba.ch\/index.php\/wp-json\/wp\/v2\/comments?post=25578"}],"version-history":[{"count":44,"href":"https:\/\/www.olgcordoba.ch\/index.php\/wp-json\/wp\/v2\/posts\/25578\/revisions"}],"predecessor-version":[{"id":25632,"href":"https:\/\/www.olgcordoba.ch\/index.php\/wp-json\/wp\/v2\/posts\/25578\/revisions\/25632"}],"wp:featuredmedia":[{"embeddable":true,"href":"https:\/\/www.olgcordoba.ch\/index.php\/wp-json\/wp\/v2\/media\/25582"}],"wp:attachment":[{"href":"https:\/\/www.olgcordoba.ch\/index.php\/wp-json\/wp\/v2\/media?parent=25578"}],"wp:term":[{"taxonomy":"category","embeddable":true,"href":"https:\/\/www.olgcordoba.ch\/index.php\/wp-json\/wp\/v2\/categories?post=25578"},{"taxonomy":"post_tag","embeddable":true,"href":"https:\/\/www.olgcordoba.ch\/index.php\/wp-json\/wp\/v2\/tags?post=25578"}],"curies":[{"name":"wp","href":"https:\/\/api.w.org\/{rel}","templated":true}]}}