{"id":2870,"date":"2012-12-31T21:16:08","date_gmt":"2012-12-31T20:16:08","guid":{"rendered":"http:\/\/preview-web01.140466.aweb.preview-site.ch\/?p=2870"},"modified":"2016-10-22T21:54:59","modified_gmt":"2016-10-22T19:54:59","slug":"2012","status":"publish","type":"post","link":"https:\/\/www.olgcordoba.ch\/index.php\/2012\/12\/31\/2012\/","title":{"rendered":"2012"},"content":{"rendered":"<p>Die Treslag-Staffel fand wieder einmal auf der Karte Iberg statt. Severin Oppliger amtete zum letzten Mal als Laufleiter.<\/p>\n<p><!--more--><\/p>\n<figure id=\"attachment_2745\" aria-describedby=\"caption-attachment-2745\" style=\"width: 240px\" class=\"wp-caption alignleft\"><a href=\"http:\/\/preview-web01.140466.aweb.preview-site.ch\/wp-content\/uploads\/2016\/10\/2012_Jukola.jpg\"><img loading=\"lazy\" class=\"size-medium wp-image-2745\" src=\"http:\/\/preview-web01.140466.aweb.preview-site.ch\/wp-content\/uploads\/2016\/10\/2012_Jukola-240x300.jpg\" alt=\"Jukola 2012: Impression etwa 1km nach dem Start\" width=\"240\" height=\"300\" srcset=\"https:\/\/www.olgcordoba.ch\/wp-content\/uploads\/2016\/10\/2012_Jukola-240x300.jpg 240w, https:\/\/www.olgcordoba.ch\/wp-content\/uploads\/2016\/10\/2012_Jukola.jpg 640w\" sizes=\"(max-width: 240px) 100vw, 240px\" \/><\/a><figcaption id=\"caption-attachment-2745\" class=\"wp-caption-text\">Jukola 2012: Impression etwa 1km nach dem Start<\/figcaption><\/figure>\n<p>Neben vielen sch\u00f6nen Erlebinissen rund um den OL stach ein Ereignis hervor: Die Teilnahme an der Venla- und Jukola-Staffel vom 16. und 17. Juni in Finnland. Die OLG Cordoba stellte ein 4er Team an der Damesstaffel Venla und zwei Teams an der Jukola \u00e0 7 L\u00e4ufern. F\u00fcr alle TeilnehmerInnen\u00a0war die Teilnahme ein Riesen-Erlebins. Total nahmen ann\u00e4hernd 17&#8217;000 L\u00e4uferInnen an den beiden Wettk\u00e4mpfen teil: etwa 1250 Venla- und 1650 Jukola-Staffeln! Alle waren sich einig: Wir werden wieder gehen.<\/p>\n<p>Im Weiteren liefen die Vorbereitungen f\u00fcr das Jubil\u00e4um &#8220;<em>40 Jahre OLG Cordoba<\/em>&#8221; auf Hochtouren.<\/p>\n<p>Klubmeisterin \u00a02012: Ruth Humbel N\u00e4f<\/p>\n","protected":false},"excerpt":{"rendered":"<p>Die Treslag-Staffel fand wieder einmal auf der Karte Iberg statt. Severin Oppliger amtete zum letzten Mal als Laufleiter.<\/p>\n","protected":false},"author":18,"featured_media":2745,"comment_status":"closed","ping_status":"closed","sticky":false,"template":"","format":"standard","meta":[],"categories":[11],"tags":[],"_links":{"self":[{"href":"https:\/\/www.olgcordoba.ch\/index.php\/wp-json\/wp\/v2\/posts\/2870"}],"collection":[{"href":"https:\/\/www.olgcordoba.ch\/index.php\/wp-json\/wp\/v2\/posts"}],"about":[{"href":"https:\/\/www.olgcordoba.ch\/index.php\/wp-json\/wp\/v2\/types\/post"}],"author":[{"embeddable":true,"href":"https:\/\/www.olgcordoba.ch\/index.php\/wp-json\/wp\/v2\/users\/18"}],"replies":[{"embeddable":true,"href":"https:\/\/www.olgcordoba.ch\/index.php\/wp-json\/wp\/v2\/comments?post=2870"}],"version-history":[{"count":1,"href":"https:\/\/www.olgcordoba.ch\/index.php\/wp-json\/wp\/v2\/posts\/2870\/revisions"}],"predecessor-version":[{"id":2871,"href":"https:\/\/www.olgcordoba.ch\/index.php\/wp-json\/wp\/v2\/posts\/2870\/revisions\/2871"}],"wp:featuredmedia":[{"embeddable":true,"href":"https:\/\/www.olgcordoba.ch\/index.php\/wp-json\/wp\/v2\/media\/2745"}],"wp:attachment":[{"href":"https:\/\/www.olgcordoba.ch\/index.php\/wp-json\/wp\/v2\/media?parent=2870"}],"wp:term":[{"taxonomy":"category","embeddable":true,"href":"https:\/\/www.olgcordoba.ch\/index.php\/wp-json\/wp\/v2\/categories?post=2870"},{"taxonomy":"post_tag","embeddable":true,"href":"https:\/\/www.olgcordoba.ch\/index.php\/wp-json\/wp\/v2\/tags?post=2870"}],"curies":[{"name":"wp","href":"https:\/\/api.w.org\/{rel}","templated":true}]}}