{"id":3077,"date":"2016-10-24T21:28:30","date_gmt":"2016-10-24T19:28:30","guid":{"rendered":"http:\/\/preview-web01.140466.aweb.preview-site.ch\/?p=3077"},"modified":"2016-10-29T21:29:14","modified_gmt":"2016-10-29T19:29:14","slug":"timo-suter-ist-schweizermeister","status":"publish","type":"post","link":"https:\/\/www.olgcordoba.ch\/index.php\/2016\/10\/24\/timo-suter-ist-schweizermeister\/","title":{"rendered":"Timo Suter ist Schweizermeister"},"content":{"rendered":"<p>Am Wochenende fand im Waadtl\u00e4nder Jura (Raum Petit Risoux) das letzte Weekend dieser Saison statt. <!--more--><\/p>\n<figure id=\"attachment_2968\" aria-describedby=\"caption-attachment-2968\" style=\"width: 219px\" class=\"wp-caption alignright\"><a href=\"http:\/\/preview-web01.140466.aweb.preview-site.ch\/wp-content\/uploads\/2016\/10\/2016_SOM_Timo_Suter.jpg\"><img loading=\"lazy\" class=\"size-medium wp-image-2968\" src=\"http:\/\/preview-web01.140466.aweb.preview-site.ch\/wp-content\/uploads\/2016\/10\/2016_SOM_Timo_Suter-219x300.jpg\" alt=\"Timo Suter\" width=\"219\" height=\"300\" srcset=\"https:\/\/www.olgcordoba.ch\/wp-content\/uploads\/2016\/10\/2016_SOM_Timo_Suter-219x300.jpg 219w, https:\/\/www.olgcordoba.ch\/wp-content\/uploads\/2016\/10\/2016_SOM_Timo_Suter.jpg 343w\" sizes=\"(max-width: 219px) 100vw, 219px\" \/><\/a><figcaption id=\"caption-attachment-2968\" class=\"wp-caption-text\">Timo Suter<\/figcaption><\/figure>\n<p>Am Samstag wurde die Schweizermeisterschaft \u00fcber die Sprintdistanz bei sch\u00f6nstem, aber k\u00fchlem Wetter ausgetragen. Dabei kam niemand bei den H18 an Timo Suter vorbei. Mit 31 Sekunden Vorsprung liess er sich zum Schweizermeister k\u00fcren. Zudem gab es weitere 9 Cordoba Top 6 Rangierungen.<br \/>\nHerzliche Gratulation!!!<\/p>\n<div id=\"NewsPostDetailContent\">\n<p>Bei Regen (schon fast Schneefall) starteten wir am Sonntag im Petit Risoux zum letzten Nationalen OL dieser Saison. Es gab 9 Top6 Pl\u00e4tze von Cordobaner und Cordobanerinnen.<\/p>\n<p>Vielen Dank an V\u00e9ro Renaud f\u00fcr die Organisation der Unterkunft!<\/p>\n<p>Rangliste:<br \/>\n<span style=\"color: #0000ff;\"><a style=\"color: #0000ff;\" href=\"http:\/\/www.o-l.ch\/cgi-bin\/results?rl_id=4001\" target=\"_blank\">Samstag<\/a> <\/span><br \/>\n<span style=\"color: #0000ff;\"><a style=\"color: #0000ff;\" href=\"http:\/\/www.o-l.ch\/cgi-bin\/results?rl_id=4000\" target=\"_blank\">Sonntag<\/a><\/span><\/p>\n<\/div>\n","protected":false},"excerpt":{"rendered":"<p>Am Wochenende fand im Waadtl\u00e4nder Jura (Raum Petit Risoux) das letzte Weekend dieser Saison statt.<\/p>\n","protected":false},"author":18,"featured_media":2968,"comment_status":"closed","ping_status":"closed","sticky":false,"template":"","format":"standard","meta":[],"categories":[8,7],"tags":[],"_links":{"self":[{"href":"https:\/\/www.olgcordoba.ch\/index.php\/wp-json\/wp\/v2\/posts\/3077"}],"collection":[{"href":"https:\/\/www.olgcordoba.ch\/index.php\/wp-json\/wp\/v2\/posts"}],"about":[{"href":"https:\/\/www.olgcordoba.ch\/index.php\/wp-json\/wp\/v2\/types\/post"}],"author":[{"embeddable":true,"href":"https:\/\/www.olgcordoba.ch\/index.php\/wp-json\/wp\/v2\/users\/18"}],"replies":[{"embeddable":true,"href":"https:\/\/www.olgcordoba.ch\/index.php\/wp-json\/wp\/v2\/comments?post=3077"}],"version-history":[{"count":2,"href":"https:\/\/www.olgcordoba.ch\/index.php\/wp-json\/wp\/v2\/posts\/3077\/revisions"}],"predecessor-version":[{"id":3079,"href":"https:\/\/www.olgcordoba.ch\/index.php\/wp-json\/wp\/v2\/posts\/3077\/revisions\/3079"}],"wp:featuredmedia":[{"embeddable":true,"href":"https:\/\/www.olgcordoba.ch\/index.php\/wp-json\/wp\/v2\/media\/2968"}],"wp:attachment":[{"href":"https:\/\/www.olgcordoba.ch\/index.php\/wp-json\/wp\/v2\/media?parent=3077"}],"wp:term":[{"taxonomy":"category","embeddable":true,"href":"https:\/\/www.olgcordoba.ch\/index.php\/wp-json\/wp\/v2\/categories?post=3077"},{"taxonomy":"post_tag","embeddable":true,"href":"https:\/\/www.olgcordoba.ch\/index.php\/wp-json\/wp\/v2\/tags?post=3077"}],"curies":[{"name":"wp","href":"https:\/\/api.w.org\/{rel}","templated":true}]}}