{"id":5162,"date":"2017-09-08T19:02:17","date_gmt":"2017-09-08T17:02:17","guid":{"rendered":"http:\/\/www.olgcordoba.ch\/?p=5162"},"modified":"2017-09-08T19:02:17","modified_gmt":"2017-09-08T17:02:17","slug":"siri-und-timo-fuer-jec-selektioniert","status":"publish","type":"post","link":"https:\/\/www.olgcordoba.ch\/index.php\/2017\/09\/08\/siri-und-timo-fuer-jec-selektioniert\/","title":{"rendered":"Siri und Timo f\u00fcr JEC selektioniert"},"content":{"rendered":"<p>Bereits je der zweite internationale Anlass d\u00fcrfen Siri (nach EYOC) und Timo (nach JWOC) dieses Jahr bestreiten. Sie selektionieren sich f\u00fcr den Junior European Cup in F\u00fcrstenfeld (A). Vom 29.9. bis 1.10. werden eine Staffel, einen Langdistanz- und einen Sprintwettkampf durchgef\u00fchrt.<br \/>\nHerzliche Gratulation f\u00fcr die Selektion und viel Erfolg.<\/p>\n<p><!--more--><\/p>\n<p><a href=\"https:\/\/www.olgcordoba.ch\/wp-content\/uploads\/2017\/09\/2017_JEC_Selektionen.pdf\" target=\"_blank\" rel=\"noopener noreferrer\">Selektionen<\/a><\/p>\n<p><a href=\"http:\/\/www.stolv.at\/jec-2017\" target=\"_blank\" rel=\"noopener noreferrer\">Veranstalter Homepage<\/a><\/p>\n","protected":false},"excerpt":{"rendered":"<p>Bereits je der zweite internationale Anlass d\u00fcrfen Siri (nach EYOC) und Timo (nach JWOC) dieses Jahr bestreiten. Sie selektionieren sich f\u00fcr den Junior European Cup in F\u00fcrstenfeld (A). Vom 29.9. bis 1.10. werden eine Staffel, einen Langdistanz- und einen Sprintwettkampf durchgef\u00fchrt. Herzliche Gratulation f\u00fcr die Selektion und viel Erfolg.<\/p>\n","protected":false},"author":22,"featured_media":4841,"comment_status":"closed","ping_status":"closed","sticky":false,"template":"","format":"standard","meta":[],"categories":[8],"tags":[],"_links":{"self":[{"href":"https:\/\/www.olgcordoba.ch\/index.php\/wp-json\/wp\/v2\/posts\/5162"}],"collection":[{"href":"https:\/\/www.olgcordoba.ch\/index.php\/wp-json\/wp\/v2\/posts"}],"about":[{"href":"https:\/\/www.olgcordoba.ch\/index.php\/wp-json\/wp\/v2\/types\/post"}],"author":[{"embeddable":true,"href":"https:\/\/www.olgcordoba.ch\/index.php\/wp-json\/wp\/v2\/users\/22"}],"replies":[{"embeddable":true,"href":"https:\/\/www.olgcordoba.ch\/index.php\/wp-json\/wp\/v2\/comments?post=5162"}],"version-history":[{"count":1,"href":"https:\/\/www.olgcordoba.ch\/index.php\/wp-json\/wp\/v2\/posts\/5162\/revisions"}],"predecessor-version":[{"id":5164,"href":"https:\/\/www.olgcordoba.ch\/index.php\/wp-json\/wp\/v2\/posts\/5162\/revisions\/5164"}],"wp:featuredmedia":[{"embeddable":true,"href":"https:\/\/www.olgcordoba.ch\/index.php\/wp-json\/wp\/v2\/media\/4841"}],"wp:attachment":[{"href":"https:\/\/www.olgcordoba.ch\/index.php\/wp-json\/wp\/v2\/media?parent=5162"}],"wp:term":[{"taxonomy":"category","embeddable":true,"href":"https:\/\/www.olgcordoba.ch\/index.php\/wp-json\/wp\/v2\/categories?post=5162"},{"taxonomy":"post_tag","embeddable":true,"href":"https:\/\/www.olgcordoba.ch\/index.php\/wp-json\/wp\/v2\/tags?post=5162"}],"curies":[{"name":"wp","href":"https:\/\/api.w.org\/{rel}","templated":true}]}}