{"id":6451,"date":"2018-04-25T06:00:54","date_gmt":"2018-04-25T04:00:54","guid":{"rendered":"http:\/\/www.olgcordoba.ch\/?p=6451"},"modified":"2018-05-01T21:53:41","modified_gmt":"2018-05-01T19:53:41","slug":"ol-lager","status":"publish","type":"post","link":"https:\/\/www.olgcordoba.ch\/index.php\/2018\/04\/25\/ol-lager\/","title":{"rendered":"OL-Lager"},"content":{"rendered":"<p>Vom 16. &#8211; 21. April fand das OL-Lager in der Gegend den Unter-, Bodensee statt. Als Unterkunft diente uns das Cevi-Lagerhaus &#8220;Wartburg&#8221; in Mannebach-Salenstein. Als Trainingsgel\u00e4nde nutzen wir die OL-Karten Seer\u00fccken, T\u00e4gerwilerwald, B\u00e4tershausen und die Sprintkarte Kreuzlingen. <!--more--><\/p>\n<p>Am Lager nahmen 30 Kinder und Jugendliche aus den Vereinen OLG Cordoba, bussola ok und OLK Argus teil. Betreut wurden die TeilnehmerInnen von 15 Leitern inkl. K\u00fcchen-Team.<br \/>\nDie Stimmung war gut. Dazu hat sicher auch das pr\u00e4chtige Wetter beigetragen; wir wurden nie verregnet und es war sommerlich warm.<\/p>\n<p>Das Haus mit den 2 &#8211; 4 Bett-Zimmern erlaubte ruhige N\u00e4chte! Die K\u00fcche war ausgezeichnet.<\/p>\n<p>Das Lagermotto\u00a0war: \u201e<em>Konzept<\/em>\u201d: <em>Ich habe einen Plan von Posten A nach Posten B, Kontrollpunkte \/ Attackpoint, ich unterteile die Strecke, Auffangkonzept<\/em>. Diesem Motto wurden bei den Trainingseinheiten soweit als m\u00f6glich Rechnung getragen.<br \/>\nPro Tag wurden 2 Trainingseinheiten angeboten. Dabei war eine Einheit als reine Ausbildung gedacht (ohne SI-Einheiten)\u00a0und die andere als schnelle Einheit (mit Sportident). Grossen Wert legten die Leiter auf stufengerechte Trainings: Es wurden 3 Schwierigkeitsstufen angeboten.<\/p>\n<p>Das Programm sah wie folgt aus (wo vorhanden) habe steht ein PDF als Beispiel\u00a0zur Verf\u00fcgung:<\/p>\n<p><strong>Montag, 16.04.2018<\/strong>:<br \/>\nNachmittag: OL Workshop im Seer\u00fccken mit <a href=\"https:\/\/www.olgcordoba.ch\/wp-content\/uploads\/2018\/04\/20180416-Mo-Na-LL.LL-sCOOL.pdf\" target=\"_blank\" rel=\"noopener\">Linienlauf <\/a>\u00a0und einem <a href=\"https:\/\/www.olgcordoba.ch\/wp-content\/uploads\/2018\/04\/20180416-Mo-Na.12.pdf\" target=\"_blank\" rel=\"noopener\"> kurzen OL <\/a>\u00a0zum Einlaufen<\/p>\n<p><strong>Dienstag, 17.04.2018:<br \/>\n<\/strong>Morgen: Kompass im T\u00e4gerwilerwald &#8211; Vertrauen ins <a href=\"https:\/\/www.olgcordoba.ch\/wp-content\/uploads\/2018\/04\/20180417-Di-Mo-14.pdf\" target=\"_blank\" rel=\"noopener\">Kompass-Laufen<\/a> gewinnen<br \/>\nNachmittag: Start\u00fcbungen im T\u00e4gerwilerwald\u00a0<strong><br \/>\n<\/strong><\/p>\n<p><strong>Mittwoch, 18.04.2018:<br \/>\n<\/strong>Morgen: <a href=\"https:\/\/www.olgcordoba.ch\/wp-content\/uploads\/2018\/04\/20180418-Mi-Mo-Sprint.sCOOL_.pdf\" target=\"_blank\" rel=\"noopener\">Urbaner Sprint<\/a> in Kreuzlingen<br \/>\nAbend: Nacht-OL im Seer\u00fccken<strong><br \/>\n<\/strong><\/p>\n<p><strong>Donnerstag, 19.04.2018:<br \/>\n<\/strong>Morgen: Routenwahlen im Seer\u00fccken &#8211; zu laufende Routen wurden zum Teil vorgegeben: <a href=\"https:\/\/www.olgcordoba.ch\/wp-content\/uploads\/2018\/04\/20180419-Do-Mo-12-A.pdf\" target=\"_blank\" rel=\"noopener\">Route A<\/a>, <a href=\"https:\/\/www.olgcordoba.ch\/wp-content\/uploads\/2018\/04\/20180419-Do-Mo-12-B.pdf\" target=\"_blank\" rel=\"noopener\">Route B<\/a><br \/>\nNachmittag: Lager-Sprint-Staffel in Kreuzlingen-Seeburg<strong><br \/>\n<\/strong><\/p>\n<p><strong>Freitag, 20.04.2018:<br \/>\n<\/strong>Morgen: <a href=\"https:\/\/www.olgcordoba.ch\/wp-content\/uploads\/2018\/04\/20180420-Fr-Mo-Lager-MS.14.pdf\" target=\"_blank\" rel=\"noopener\">Lagermeisterschaft <\/a>in B\u00e4tershausen<br \/>\nNachmittag: Biathlon-OL in B\u00e4tershausen &#8211; 2 kurze\u00a0Schlaufen und nach\u00a0jeder\u00a0Schlaufe Tannzapfen werfen: <a href=\"https:\/\/www.olgcordoba.ch\/wp-content\/uploads\/2018\/04\/20180420-Fr-Na-sCOOL_D_H-10-A.pdf\" target=\"_blank\" rel=\"noopener\">Schlaufe A<\/a>, <a href=\"https:\/\/www.olgcordoba.ch\/wp-content\/uploads\/2018\/04\/20180420-Fr-Na-sCOOL_D_H-10-B.pdf\" target=\"_blank\" rel=\"noopener\">Schlaufe B<\/a><strong><br \/>\n<\/strong><\/p>\n<p><strong>Samstag 21.04.2018:<br \/>\n<\/strong>Nachmittag: Teilnahme am Seetaler Sch\u00fcler-OL in Lenzburg<\/p>\n<p>Fotos folgen<\/p>\n","protected":false},"excerpt":{"rendered":"<p>Vom 16. &#8211; 21. April fand das OL-Lager in der Gegend den Unter-, Bodensee statt. Als Unterkunft diente uns das Cevi-Lagerhaus &#8220;Wartburg&#8221; in Mannebach-Salenstein. Als Trainingsgel\u00e4nde nutzen wir die OL-Karten Seer\u00fccken, T\u00e4gerwilerwald, B\u00e4tershausen und die Sprintkarte Kreuzlingen.<\/p>\n","protected":false},"author":18,"featured_media":6450,"comment_status":"closed","ping_status":"closed","sticky":false,"template":"","format":"standard","meta":[],"categories":[8,55],"tags":[],"_links":{"self":[{"href":"https:\/\/www.olgcordoba.ch\/index.php\/wp-json\/wp\/v2\/posts\/6451"}],"collection":[{"href":"https:\/\/www.olgcordoba.ch\/index.php\/wp-json\/wp\/v2\/posts"}],"about":[{"href":"https:\/\/www.olgcordoba.ch\/index.php\/wp-json\/wp\/v2\/types\/post"}],"author":[{"embeddable":true,"href":"https:\/\/www.olgcordoba.ch\/index.php\/wp-json\/wp\/v2\/users\/18"}],"replies":[{"embeddable":true,"href":"https:\/\/www.olgcordoba.ch\/index.php\/wp-json\/wp\/v2\/comments?post=6451"}],"version-history":[{"count":8,"href":"https:\/\/www.olgcordoba.ch\/index.php\/wp-json\/wp\/v2\/posts\/6451\/revisions"}],"predecessor-version":[{"id":6737,"href":"https:\/\/www.olgcordoba.ch\/index.php\/wp-json\/wp\/v2\/posts\/6451\/revisions\/6737"}],"wp:featuredmedia":[{"embeddable":true,"href":"https:\/\/www.olgcordoba.ch\/index.php\/wp-json\/wp\/v2\/media\/6450"}],"wp:attachment":[{"href":"https:\/\/www.olgcordoba.ch\/index.php\/wp-json\/wp\/v2\/media?parent=6451"}],"wp:term":[{"taxonomy":"category","embeddable":true,"href":"https:\/\/www.olgcordoba.ch\/index.php\/wp-json\/wp\/v2\/categories?post=6451"},{"taxonomy":"post_tag","embeddable":true,"href":"https:\/\/www.olgcordoba.ch\/index.php\/wp-json\/wp\/v2\/tags?post=6451"}],"curies":[{"name":"wp","href":"https:\/\/api.w.org\/{rel}","templated":true}]}}