{"id":7838,"date":"2018-12-16T12:00:16","date_gmt":"2018-12-16T11:00:16","guid":{"rendered":"http:\/\/www.olgcordoba.ch\/?p=7838"},"modified":"2019-12-19T20:34:45","modified_gmt":"2019-12-19T19:34:45","slug":"2018","status":"publish","type":"post","link":"https:\/\/www.olgcordoba.ch\/index.php\/2018\/12\/16\/2018\/","title":{"rendered":"2018"},"content":{"rendered":"<p><b>Cordoba liegt in Italien!<\/b><br \/>\n<!--more--><\/p>\n<figure id=\"attachment_7404\" aria-describedby=\"caption-attachment-7404\" style=\"width: 300px\" class=\"wp-caption alignleft\"><img loading=\"lazy\" width=\"300\" height=\"200\" class=\"size-medium wp-image-7404\" alt=\"\" src=\"https:\/\/www.olgcordoba.ch\/wp-content\/uploads\/2018\/10\/2018_Vasto_198-300x200.jpg\" srcset=\"https:\/\/www.olgcordoba.ch\/wp-content\/uploads\/2018\/10\/2018_Vasto_198-300x200.jpg 300w, https:\/\/www.olgcordoba.ch\/wp-content\/uploads\/2018\/10\/2018_Vasto_198-768x511.jpg 768w, https:\/\/www.olgcordoba.ch\/wp-content\/uploads\/2018\/10\/2018_Vasto_198.jpg 1000w\" sizes=\"(max-width: 300px) 100vw, 300px\" \/><figcaption id=\"caption-attachment-7404\" class=\"wp-caption-text\">70 TeilnehmerInnen in Vasto, Italien<\/figcaption><\/figure>\n<p>\u00dcber siebzig Mitglieder verbrachten gemeinsam eine Woche in Vasto an der Adriak\u00fcste. Neben den OL-Wettk\u00e4mpfen blieb viel Zeit f\u00fcr Kultur, Vergn\u00fcgen und social life. Die grossz\u00fcgige Subventionierung war ein Dank an die Clubmitglieder, welche in den letzten Jahren viele Helfereins\u00e4tze geleistet hatten, vor allem auch an Swiss-O-Weeks.<\/p>\n<figure id=\"attachment_7068\" aria-describedby=\"caption-attachment-7068\" style=\"width: 200px\" class=\"wp-caption alignright\"><img loading=\"lazy\" width=\"200\" height=\"300\" class=\"size-medium wp-image-7068\" alt=\"\" src=\"https:\/\/www.olgcordoba.ch\/wp-content\/uploads\/2018\/07\/2018_JWOC_Staffel-Timo-200x300.jpg\" srcset=\"https:\/\/www.olgcordoba.ch\/wp-content\/uploads\/2018\/07\/2018_JWOC_Staffel-Timo-200x300.jpg 200w, https:\/\/www.olgcordoba.ch\/wp-content\/uploads\/2018\/07\/2018_JWOC_Staffel-Timo-768x1153.jpg 768w, https:\/\/www.olgcordoba.ch\/wp-content\/uploads\/2018\/07\/2018_JWOC_Staffel-Timo-682x1024.jpg 682w, https:\/\/www.olgcordoba.ch\/wp-content\/uploads\/2018\/07\/2018_JWOC_Staffel-Timo.jpg 1094w\" sizes=\"(max-width: 200px) 100vw, 200px\" \/><figcaption id=\"caption-attachment-7068\" class=\"wp-caption-text\">Timo bei seinem Staffel-Einsatz<\/figcaption><\/figure>\n<p>2018 war im Bereich des Spitzen- und Leistungssports erneut ein erfolgreiches Jahr. Timo Suter nahm zum letzte Mal an der Junioren WM \u2013 diesmal in Ungarn \u2013 teil. Dank guten<br \/>\nResultaten w\u00e4hrend der gesamten nationalen und internationalen Saison schaffte er die Selektion f\u00fcrs Nationale B-Kader. Siri Suter schaffte es auf den Ersatzplatz f\u00fcr die JWOC, obwohl sie 2018 noch bei den D18 startberechtigt war. Schon fast eine Tradition ist es, dass jedes Jahr mindestens eine Nachwuchsl\u00e4uferin oder ein Nachwuchsl\u00e4ufer den Sprung ins Nachwuchskader Aargau schafft. Ende dieses Jahres ist dies Lina Suwald gelungen.<\/p>\n<figure id=\"attachment_6634\" aria-describedby=\"caption-attachment-6634\" style=\"width: 300px\" class=\"wp-caption alignleft\"><img loading=\"lazy\" width=\"300\" height=\"200\" class=\"size-medium wp-image-6634\" alt=\"\" src=\"https:\/\/www.olgcordoba.ch\/wp-content\/uploads\/2018\/04\/2018_OL-Lager_112-300x200.jpg\" srcset=\"https:\/\/www.olgcordoba.ch\/wp-content\/uploads\/2018\/04\/2018_OL-Lager_112-300x200.jpg 300w, https:\/\/www.olgcordoba.ch\/wp-content\/uploads\/2018\/04\/2018_OL-Lager_112-768x511.jpg 768w, https:\/\/www.olgcordoba.ch\/wp-content\/uploads\/2018\/04\/2018_OL-Lager_112.jpg 1000w\" sizes=\"(max-width: 300px) 100vw, 300px\" \/><figcaption id=\"caption-attachment-6634\" class=\"wp-caption-text\">OL-Lager: Instruktionen vor der Lagermeisterschaft<\/figcaption><\/figure>\n<p>Im Fr\u00fchlingslager am Bodensee wurden die Voraussetzungen geschaffen, damit die Cordoba-Farben in der OL-Szene auch in Zukunft hell leuchten.<\/p>\n<p>Klubmeisterin 2018 wurde Ruth Humbel N\u00e4f.<\/p>\n<p>Die Voraussetzungen f\u00fcr unsere beiden Regionalen OL h\u00e4tten unterschiedlicher nicht sein k\u00f6nnen. W\u00e4hrend die Teilnehmerzahl am Badener OL in Birmenstorf unter schlechtem Wetter und grosser Konkurrenz litt, profitierte der Zurzacher OL in Klingnau von pr\u00e4chtigem Herbstwetter, wenig anderen L\u00e4ufen am gleichen Tag und dem Status als ASJM-Schlusslauf.<\/p>\n<figure id=\"attachment_7403\" aria-describedby=\"caption-attachment-7403\" style=\"width: 200px\" class=\"wp-caption alignright\"><img loading=\"lazy\" width=\"200\" height=\"300\" class=\"size-medium wp-image-7403\" alt=\"\" src=\"https:\/\/www.olgcordoba.ch\/wp-content\/uploads\/2018\/10\/2018_Vasto_199-200x300.jpg\" srcset=\"https:\/\/www.olgcordoba.ch\/wp-content\/uploads\/2018\/10\/2018_Vasto_199-200x300.jpg 200w, https:\/\/www.olgcordoba.ch\/wp-content\/uploads\/2018\/10\/2018_Vasto_199.jpg 665w\" sizes=\"(max-width: 200px) 100vw, 200px\" \/><figcaption id=\"caption-attachment-7403\" class=\"wp-caption-text\">Patrick Zehnder: Immer mit Weitsicht!<\/figcaption><\/figure>\n<p>2018 ging in der OLG Cordoba eine \u00c4ra zu Ende: Nach \u00fcber drei Jahrzehnten \u00fcbergab Patrick &#8220;Scheckter&#8221; Zehnder die Verantwortung f\u00fcr die Betreuung der Medien an Chantal Oppliger. Seine Beitr\u00e4ge, die weit \u00fcber einfache OL-Berichterstattung hinausgingen, haben mit dazu beigetragen, dass der OL-Sport im Allgemeinen und die OLG Cordoba im Besonderen in unserer Region einen ausgezeichneten Ruf geniesst.<\/p>\n<p>Anl\u00e4sslich der GV gab es diverse Ver\u00e4nderungen Im Vorstand. Nach acht Jahren trat Isabelle Steiner zur\u00fcck, weil sie ihren Wohnsitz im Laufe des Jahres ins B\u00fcndnerland verlegte. An ihrer Stelle wurde Caroline Mennet als Aktuarin gew\u00e4hlt. Weil die Breitensportaktivit\u00e4ten wie sCOOL, FamCool, Family-O-Day, Swiss-O-Finder zunehmen und auch OL als Schulsport wieder angeboten werden soll, wurde der Vorstand um das Ressort Breitensport erweitert. Theres Achermann wurde f\u00fcr diesen Aufgabenbereich zus\u00e4tzlich in den Vorstand gew\u00e4hlt.<\/p>\n","protected":false},"excerpt":{"rendered":"<p>Cordoba liegt in Italien!<\/p>\n","protected":false},"author":18,"featured_media":7518,"comment_status":"closed","ping_status":"closed","sticky":false,"template":"","format":"standard","meta":[],"categories":[11],"tags":[],"_links":{"self":[{"href":"https:\/\/www.olgcordoba.ch\/index.php\/wp-json\/wp\/v2\/posts\/7838"}],"collection":[{"href":"https:\/\/www.olgcordoba.ch\/index.php\/wp-json\/wp\/v2\/posts"}],"about":[{"href":"https:\/\/www.olgcordoba.ch\/index.php\/wp-json\/wp\/v2\/types\/post"}],"author":[{"embeddable":true,"href":"https:\/\/www.olgcordoba.ch\/index.php\/wp-json\/wp\/v2\/users\/18"}],"replies":[{"embeddable":true,"href":"https:\/\/www.olgcordoba.ch\/index.php\/wp-json\/wp\/v2\/comments?post=7838"}],"version-history":[{"count":7,"href":"https:\/\/www.olgcordoba.ch\/index.php\/wp-json\/wp\/v2\/posts\/7838\/revisions"}],"predecessor-version":[{"id":10203,"href":"https:\/\/www.olgcordoba.ch\/index.php\/wp-json\/wp\/v2\/posts\/7838\/revisions\/10203"}],"wp:featuredmedia":[{"embeddable":true,"href":"https:\/\/www.olgcordoba.ch\/index.php\/wp-json\/wp\/v2\/media\/7518"}],"wp:attachment":[{"href":"https:\/\/www.olgcordoba.ch\/index.php\/wp-json\/wp\/v2\/media?parent=7838"}],"wp:term":[{"taxonomy":"category","embeddable":true,"href":"https:\/\/www.olgcordoba.ch\/index.php\/wp-json\/wp\/v2\/categories?post=7838"},{"taxonomy":"post_tag","embeddable":true,"href":"https:\/\/www.olgcordoba.ch\/index.php\/wp-json\/wp\/v2\/tags?post=7838"}],"curies":[{"name":"wp","href":"https:\/\/api.w.org\/{rel}","templated":true}]}}